{"id":890,"date":"2019-11-27T10:24:36","date_gmt":"2019-11-27T09:24:36","guid":{"rendered":"http:\/\/buergerfunk-siwi.de\/?p=890"},"modified":"2019-11-27T10:25:22","modified_gmt":"2019-11-27T09:25:22","slug":"naechste-sendung-29-november-um-2003-uhr-auf-radio-siegen","status":"publish","type":"post","link":"https:\/\/buergerfunk-siwi.de\/?p=890","title":{"rendered":"N\u00e4chste Sendung: 29. November um 20:03 Uhr auf Radio Siegen"},"content":{"rendered":"<h5>Themen der Sendung am Freitag, den 29. November, 20:03 Uhr<\/h5>\n<ul>\n<li>Bundesverfassungsgericht und Sanktionen<\/li>\n<li>Regionaler Ausbildungsmarkt 2018\/ 2019<\/li>\n<li>Adventliches und Veranstaltungen in der Region<\/li>\n<\/ul>\n<p>Das B\u00fcrgerfunk-Team w\u00fcnscht eine sch\u00f6ne und freundliche Adventszeit.<\/p>\n","protected":false},"excerpt":{"rendered":"<p>Themen der Sendung am Freitag, den 29. November, 20:03 Uhr Bundesverfassungsgericht und Sanktionen Regionaler Ausbildungsmarkt 2018\/ 2019 Adventliches und Veranstaltungen in der Region Das B\u00fcrgerfunk-Team w\u00fcnscht eine sch\u00f6ne und freundliche Adventszeit.<\/p>\n","protected":false},"author":5,"featured_media":0,"comment_status":"open","ping_status":"open","sticky":false,"template":"","format":"standard","meta":{"footnotes":""},"categories":[2],"tags":[65],"_links":{"self":[{"href":"https:\/\/buergerfunk-siwi.de\/index.php?rest_route=\/wp\/v2\/posts\/890"}],"collection":[{"href":"https:\/\/buergerfunk-siwi.de\/index.php?rest_route=\/wp\/v2\/posts"}],"about":[{"href":"https:\/\/buergerfunk-siwi.de\/index.php?rest_route=\/wp\/v2\/types\/post"}],"author":[{"embeddable":true,"href":"https:\/\/buergerfunk-siwi.de\/index.php?rest_route=\/wp\/v2\/users\/5"}],"replies":[{"embeddable":true,"href":"https:\/\/buergerfunk-siwi.de\/index.php?rest_route=%2Fwp%2Fv2%2Fcomments&post=890"}],"version-history":[{"count":1,"href":"https:\/\/buergerfunk-siwi.de\/index.php?rest_route=\/wp\/v2\/posts\/890\/revisions"}],"predecessor-version":[{"id":891,"href":"https:\/\/buergerfunk-siwi.de\/index.php?rest_route=\/wp\/v2\/posts\/890\/revisions\/891"}],"wp:attachment":[{"href":"https:\/\/buergerfunk-siwi.de\/index.php?rest_route=%2Fwp%2Fv2%2Fmedia&parent=890"}],"wp:term":[{"taxonomy":"category","embeddable":true,"href":"https:\/\/buergerfunk-siwi.de\/index.php?rest_route=%2Fwp%2Fv2%2Fcategories&post=890"},{"taxonomy":"post_tag","embeddable":true,"href":"https:\/\/buergerfunk-siwi.de\/index.php?rest_route=%2Fwp%2Fv2%2Ftags&post=890"}],"curies":[{"name":"wp","href":"https:\/\/api.w.org\/{rel}","templated":true}]}}