{"id":536,"date":"2018-03-29T10:32:22","date_gmt":"2018-03-29T10:32:22","guid":{"rendered":"http:\/\/buergerfunk-siwi.de\/?p=536"},"modified":"2018-03-29T10:34:08","modified_gmt":"2018-03-29T10:34:08","slug":"naechste-sendung-29-maerz-um-2003-uhr-auf-radio-siegen","status":"publish","type":"post","link":"https:\/\/buergerfunk-siwi.de\/?p=536","title":{"rendered":"N\u00e4chste Sendung: 29. M\u00e4rz um 20:03 Uhr auf Radio Siegen"},"content":{"rendered":"<h5>Themen der Sendung am Donnerstag, den 29. M\u00e4rz, 20:03 Uhr:<\/h5>\n<ul>\n<li>Verdi Warnstreik in Siegen<\/li>\n<\/ul>\n<div class=\"text_exposed_show\">\n<p>Informieren Sie sich und lassen sie sich dabei mit Musik am Abend unterhalten.<\/p>\n<p>Moderation: Herbert Perl<br \/>\nMusik\/Technik: Thomas Spremberg<\/p>\n<\/div>\n","protected":false},"excerpt":{"rendered":"<p>Themen der Sendung am Donnerstag, den 29. M\u00e4rz, 20:03 Uhr: Verdi Warnstreik in Siegen Informieren Sie sich und lassen sie sich dabei mit Musik am Abend unterhalten. Moderation: Herbert Perl Musik\/Technik: Thomas Spremberg<\/p>\n","protected":false},"author":4,"featured_media":0,"comment_status":"open","ping_status":"open","sticky":false,"template":"","format":"standard","meta":{"footnotes":""},"categories":[2],"tags":[65],"_links":{"self":[{"href":"https:\/\/buergerfunk-siwi.de\/index.php?rest_route=\/wp\/v2\/posts\/536"}],"collection":[{"href":"https:\/\/buergerfunk-siwi.de\/index.php?rest_route=\/wp\/v2\/posts"}],"about":[{"href":"https:\/\/buergerfunk-siwi.de\/index.php?rest_route=\/wp\/v2\/types\/post"}],"author":[{"embeddable":true,"href":"https:\/\/buergerfunk-siwi.de\/index.php?rest_route=\/wp\/v2\/users\/4"}],"replies":[{"embeddable":true,"href":"https:\/\/buergerfunk-siwi.de\/index.php?rest_route=%2Fwp%2Fv2%2Fcomments&post=536"}],"version-history":[{"count":2,"href":"https:\/\/buergerfunk-siwi.de\/index.php?rest_route=\/wp\/v2\/posts\/536\/revisions"}],"predecessor-version":[{"id":539,"href":"https:\/\/buergerfunk-siwi.de\/index.php?rest_route=\/wp\/v2\/posts\/536\/revisions\/539"}],"wp:attachment":[{"href":"https:\/\/buergerfunk-siwi.de\/index.php?rest_route=%2Fwp%2Fv2%2Fmedia&parent=536"}],"wp:term":[{"taxonomy":"category","embeddable":true,"href":"https:\/\/buergerfunk-siwi.de\/index.php?rest_route=%2Fwp%2Fv2%2Fcategories&post=536"},{"taxonomy":"post_tag","embeddable":true,"href":"https:\/\/buergerfunk-siwi.de\/index.php?rest_route=%2Fwp%2Fv2%2Ftags&post=536"}],"curies":[{"name":"wp","href":"https:\/\/api.w.org\/{rel}","templated":true}]}}