{"id":524,"date":"2018-03-15T15:48:17","date_gmt":"2018-03-15T15:48:17","guid":{"rendered":"http:\/\/buergerfunk-siwi.de\/?p=524"},"modified":"2018-03-15T15:50:09","modified_gmt":"2018-03-15T15:50:09","slug":"naechste-sendung-16-maerz-um-2003-uhr-auf-radio-siegen","status":"publish","type":"post","link":"https:\/\/buergerfunk-siwi.de\/?p=524","title":{"rendered":"N\u00e4chste Sendung: 16. M\u00e4rz um 20:03 Uhr auf Radio Siegen"},"content":{"rendered":"<h5>Themen der Sendung am Freitag, den 16. M\u00e4rz, 20:03 Uhr:<\/h5>\n<ul>\n<li>Regionaler Arbeitsmarktbericht Februar 2018<\/li>\n<li>Jahresempfang der IGMetall Siegen<\/li>\n<li>Veranstaltungen des Heimatbundes<\/li>\n<\/ul>\n<div class=\"text_exposed_show\">\n<p>Schalten Sie sich zu. Wir w\u00fcnschen Ihnen eine Interessante Radiostunde.<\/p>\n<p>Moderation: Herbert Perl<br \/>\nMusik\/Technik: Thomas Spremberg<\/p>\n<\/div>\n","protected":false},"excerpt":{"rendered":"<p>Themen der Sendung am Freitag, den 16. M\u00e4rz, 20:03 Uhr: Regionaler Arbeitsmarktbericht Februar 2018 Jahresempfang der IGMetall Siegen Veranstaltungen des Heimatbundes Schalten Sie sich zu. Wir w\u00fcnschen Ihnen eine Interessante Radiostunde. Moderation: Herbert Perl Musik\/Technik: Thomas Spremberg<\/p>\n","protected":false},"author":4,"featured_media":0,"comment_status":"open","ping_status":"open","sticky":false,"template":"","format":"standard","meta":{"footnotes":""},"categories":[2],"tags":[65],"_links":{"self":[{"href":"https:\/\/buergerfunk-siwi.de\/index.php?rest_route=\/wp\/v2\/posts\/524"}],"collection":[{"href":"https:\/\/buergerfunk-siwi.de\/index.php?rest_route=\/wp\/v2\/posts"}],"about":[{"href":"https:\/\/buergerfunk-siwi.de\/index.php?rest_route=\/wp\/v2\/types\/post"}],"author":[{"embeddable":true,"href":"https:\/\/buergerfunk-siwi.de\/index.php?rest_route=\/wp\/v2\/users\/4"}],"replies":[{"embeddable":true,"href":"https:\/\/buergerfunk-siwi.de\/index.php?rest_route=%2Fwp%2Fv2%2Fcomments&post=524"}],"version-history":[{"count":3,"href":"https:\/\/buergerfunk-siwi.de\/index.php?rest_route=\/wp\/v2\/posts\/524\/revisions"}],"predecessor-version":[{"id":528,"href":"https:\/\/buergerfunk-siwi.de\/index.php?rest_route=\/wp\/v2\/posts\/524\/revisions\/528"}],"wp:attachment":[{"href":"https:\/\/buergerfunk-siwi.de\/index.php?rest_route=%2Fwp%2Fv2%2Fmedia&parent=524"}],"wp:term":[{"taxonomy":"category","embeddable":true,"href":"https:\/\/buergerfunk-siwi.de\/index.php?rest_route=%2Fwp%2Fv2%2Fcategories&post=524"},{"taxonomy":"post_tag","embeddable":true,"href":"https:\/\/buergerfunk-siwi.de\/index.php?rest_route=%2Fwp%2Fv2%2Ftags&post=524"}],"curies":[{"name":"wp","href":"https:\/\/api.w.org\/{rel}","templated":true}]}}