{"id":520,"date":"2018-01-24T18:04:39","date_gmt":"2018-01-24T18:04:39","guid":{"rendered":"http:\/\/buergerfunk-siwi.de\/?p=520"},"modified":"2018-01-24T18:04:39","modified_gmt":"2018-01-24T18:04:39","slug":"naechste-sendung-27-januar-um-2003-uhr-auf-radio-siegen","status":"publish","type":"post","link":"https:\/\/buergerfunk-siwi.de\/?p=520","title":{"rendered":"N\u00e4chste Sendung: 27. Januar um 20:03 Uhr auf Radio Siegen"},"content":{"rendered":"<h5>Themen der Sendung am Samstag, den 27. Januar, 20:03 Uhr:<\/h5>\n<ul>\n<li>Seniorenbeirat Kreuztal<\/li>\n<li>Sozialkaufhaus neu in Kreuztal<\/li>\n<\/ul>\n<div class=\"text_exposed_show\">\n<p>Moderation: Herbert Perl<br \/>\nMusik\/Technik: Reiner B\u00e4cker<\/p>\n<p>Ausgew\u00e4hlte Interviews vergangener Sendungen zum Nachh\u00f6ren:<\/p>\n<p><a href=\"https:\/\/soundcloud.com\/buergerfunk-siwi\/\">https:\/\/soundcloud.com\/buergerfunk-siwi\/<\/a><\/p>\n<\/div>\n<p>&nbsp;<\/p>\n<p>&nbsp;<\/p>\n","protected":false},"excerpt":{"rendered":"<p>Themen der Sendung am Samstag, den 27. Januar, 20:03 Uhr: Seniorenbeirat Kreuztal Sozialkaufhaus neu in Kreuztal Moderation: Herbert Perl Musik\/Technik: Reiner B\u00e4cker Ausgew\u00e4hlte Interviews vergangener Sendungen zum Nachh\u00f6ren: https:\/\/soundcloud.com\/buergerfunk-siwi\/ &nbsp; &nbsp;<\/p>\n","protected":false},"author":4,"featured_media":0,"comment_status":"open","ping_status":"open","sticky":false,"template":"","format":"standard","meta":{"footnotes":""},"categories":[2],"tags":[65],"_links":{"self":[{"href":"https:\/\/buergerfunk-siwi.de\/index.php?rest_route=\/wp\/v2\/posts\/520"}],"collection":[{"href":"https:\/\/buergerfunk-siwi.de\/index.php?rest_route=\/wp\/v2\/posts"}],"about":[{"href":"https:\/\/buergerfunk-siwi.de\/index.php?rest_route=\/wp\/v2\/types\/post"}],"author":[{"embeddable":true,"href":"https:\/\/buergerfunk-siwi.de\/index.php?rest_route=\/wp\/v2\/users\/4"}],"replies":[{"embeddable":true,"href":"https:\/\/buergerfunk-siwi.de\/index.php?rest_route=%2Fwp%2Fv2%2Fcomments&post=520"}],"version-history":[{"count":1,"href":"https:\/\/buergerfunk-siwi.de\/index.php?rest_route=\/wp\/v2\/posts\/520\/revisions"}],"predecessor-version":[{"id":521,"href":"https:\/\/buergerfunk-siwi.de\/index.php?rest_route=\/wp\/v2\/posts\/520\/revisions\/521"}],"wp:attachment":[{"href":"https:\/\/buergerfunk-siwi.de\/index.php?rest_route=%2Fwp%2Fv2%2Fmedia&parent=520"}],"wp:term":[{"taxonomy":"category","embeddable":true,"href":"https:\/\/buergerfunk-siwi.de\/index.php?rest_route=%2Fwp%2Fv2%2Fcategories&post=520"},{"taxonomy":"post_tag","embeddable":true,"href":"https:\/\/buergerfunk-siwi.de\/index.php?rest_route=%2Fwp%2Fv2%2Ftags&post=520"}],"curies":[{"name":"wp","href":"https:\/\/api.w.org\/{rel}","templated":true}]}}