{"id":396,"date":"2017-06-29T09:52:46","date_gmt":"2017-06-29T09:52:46","guid":{"rendered":"http:\/\/buergerfunk-siwi.de\/?p=396"},"modified":"2017-06-29T09:52:46","modified_gmt":"2017-06-29T09:52:46","slug":"naechste-sendung-1-juli-2017-um-2003-uhr-auf-radio-siegen","status":"publish","type":"post","link":"https:\/\/buergerfunk-siwi.de\/?p=396","title":{"rendered":"N\u00e4chste Sendung: 1. Juli 2017 um 20:03 Uhr auf Radio Siegen"},"content":{"rendered":"<h5>Wir pr\u00e4sentieren in unserem Unterhaltungsmagazin am 1. Juli folgende Themen:<\/h5>\n<ul>\n<li>Halbzeit &#8211; 3 Jahre &#8211; f\u00fcr Landrat Andreas M\u00fcller<\/li>\n<li>Tag der Technik in Siegen<\/li>\n<li>Ausstellung zum Geburtstag von Walter Kr\u00e4mer im Kreisklinikum (Walter-Kr\u00e4mer-Platz) in Siegen-Weidenau<\/li>\n<\/ul>\n<p>Moderation: Herbert Perl<br \/>\nMusik\/Technik: Reiner B\u00e4cker<\/p>\n","protected":false},"excerpt":{"rendered":"<p>Wir pr\u00e4sentieren in unserem Unterhaltungsmagazin am 1. Juli folgende Themen: Halbzeit &#8211; 3 Jahre &#8211; f\u00fcr Landrat Andreas M\u00fcller Tag der Technik in Siegen Ausstellung zum Geburtstag von Walter Kr\u00e4mer im Kreisklinikum (Walter-Kr\u00e4mer-Platz) in Siegen-Weidenau Moderation: Herbert Perl Musik\/Technik: Reiner B\u00e4cker<\/p>\n","protected":false},"author":2,"featured_media":0,"comment_status":"open","ping_status":"open","sticky":false,"template":"","format":"standard","meta":{"footnotes":""},"categories":[2],"tags":[65],"_links":{"self":[{"href":"https:\/\/buergerfunk-siwi.de\/index.php?rest_route=\/wp\/v2\/posts\/396"}],"collection":[{"href":"https:\/\/buergerfunk-siwi.de\/index.php?rest_route=\/wp\/v2\/posts"}],"about":[{"href":"https:\/\/buergerfunk-siwi.de\/index.php?rest_route=\/wp\/v2\/types\/post"}],"author":[{"embeddable":true,"href":"https:\/\/buergerfunk-siwi.de\/index.php?rest_route=\/wp\/v2\/users\/2"}],"replies":[{"embeddable":true,"href":"https:\/\/buergerfunk-siwi.de\/index.php?rest_route=%2Fwp%2Fv2%2Fcomments&post=396"}],"version-history":[{"count":1,"href":"https:\/\/buergerfunk-siwi.de\/index.php?rest_route=\/wp\/v2\/posts\/396\/revisions"}],"predecessor-version":[{"id":397,"href":"https:\/\/buergerfunk-siwi.de\/index.php?rest_route=\/wp\/v2\/posts\/396\/revisions\/397"}],"wp:attachment":[{"href":"https:\/\/buergerfunk-siwi.de\/index.php?rest_route=%2Fwp%2Fv2%2Fmedia&parent=396"}],"wp:term":[{"taxonomy":"category","embeddable":true,"href":"https:\/\/buergerfunk-siwi.de\/index.php?rest_route=%2Fwp%2Fv2%2Fcategories&post=396"},{"taxonomy":"post_tag","embeddable":true,"href":"https:\/\/buergerfunk-siwi.de\/index.php?rest_route=%2Fwp%2Fv2%2Ftags&post=396"}],"curies":[{"name":"wp","href":"https:\/\/api.w.org\/{rel}","templated":true}]}}