{"id":252,"date":"2016-08-30T20:50:38","date_gmt":"2016-08-30T20:50:38","guid":{"rendered":"http:\/\/buergerfunk-siwi.de\/?p=252"},"modified":"2016-08-31T19:11:08","modified_gmt":"2016-08-31T19:11:08","slug":"naechste-sendung-1-9-2016-auf-radio-siegen-um-2003-uhr-wie-kommt-der-elefant-ins-siegerland","status":"publish","type":"post","link":"https:\/\/buergerfunk-siwi.de\/?p=252","title":{"rendered":"N\u00e4chste Sendung: 2.9.2016 auf Radio Siegen um 20:03 Uhr &#8211; &#8222;Wie kommt der Elefant ins Siegerland&#8220;"},"content":{"rendered":"<h4>&#8222;Wie kommt der Elefant ins Siegerland&#8220; &#8211; ein Thema der n\u00e4chsten Sendung am 2.9. um 20:03 Uhr<\/h4>\n<p>Zu Besuch im Studio Kreuztal sind:<\/p>\n<p><strong>Katja Nix<\/strong> &#8211; sie hat sich die &#8222;<strong>F\u00fcrstengruft-Rallye<\/strong>&#8220; in Siegen ausgedacht, eine Stadtf\u00fchrung speziell f\u00fcr Kinder &#8211; auf spielerische Art\u00a0k\u00f6nnen die Kinder die Geschichte der Stadt Siegen erkunden und suchen dabei noch einen interessanten Schatz.<\/p>\n<p>Seit 2013 bietet die Gesellschaft f\u00fcr Stadtmarketing eine Stadtf\u00fchrung f\u00fcr Kinder an. Anstelle eines gem\u00e4chlichen Spaziergangs durch die Oberstadt, erwartet Jungen und M\u00e4dchen ab 7 Jahren eine spannende Rallye entlang der historischen Sehensw\u00fcrdigkeiten. Katja Nix berichtet uns im Studio \u00fcber diese besondere Stadtf\u00fchrung.<\/p>\n<p>Wir haben ein Gewinnspiel\u00a0f\u00fcr Sie vorbereitet &#8211; zu Gewinnen gibt es eine F\u00fcrstengruft-Rallye in Zusammenarbeit mit der Gesellschaft f\u00fcr Stadtmarketing. Unter allen Einsendungen verlosen wir unter Ausschlu\u00df des Rechtsweges eine solche Veranstaltung f\u00fcr eine Kindergruppe &#8211; ideal auch f\u00fcr einen spannenden Kindergeburtstag.<\/p>\n<p><strong>Frage 1<\/strong> : Woher haben Stadt und Fluss ihren Namen?<br \/>\nAntwortm\u00f6glichkeiten:<\/p>\n<p>A: Siegen hat alle ihre kriegerischen Handlungen gewonnen<br \/>\nB: Kommt das Wort aus dem Keltischen und bedeutet: Sickerndes oder flie\u00dfendes Gew\u00e4sser<br \/>\nC: Hei\u00dft Siegen vielleicht im Niederl\u00e4ndischen &#8222;Fluss in der Stadt&#8220;?<\/p>\n<p><strong>Frage 2<\/strong> : Siegen hatte \u00fcber viele Jahrhunderte drei gro\u00dfe Tore in der Stadtmauer, es gab ein K\u00f6lner Tor, ein L\u00f6hrtor, doch wie hie\u00df das dritte Tor?<\/p>\n<p>A: Marburger Tor<br \/>\nB: Schalker Tor<br \/>\nC: Frankfurter Tor<\/p>\n<p><strong>Frage 3<\/strong>: F\u00fcrst Wilhelm von Nassau-Oranien, der f\u00fcr die Unabh\u00e4ngigkeit der Niederl\u00e4nder in einen langen Krieg gegen Spanien\u00a0zog, hatte einen ganz besonderen Beinamen?<\/p>\n<p>A: Wilhelm der Schw\u00e4tzer<br \/>\nB: Wilhelm der L\u00fcgner<br \/>\nC: Wilhelm der Schweiger<\/p>\n<p><strong>Frage 4<\/strong>: Auf dem Platz am &#8222;Unteren Schloss&#8220; steht ein gelber Turm, den wahrscheinlich jeder in Siegen kennt: Ist das der &#8230;?<\/p>\n<p>A: Gro\u00dfe Turm<br \/>\nB: Dicke Turm<br \/>\nC: M\u00e4useturm<\/p>\n<figure id=\"attachment_256\" aria-describedby=\"caption-attachment-256\" style=\"width: 2048px\" class=\"wp-caption alignnone\"><a href=\"http:\/\/buergerfunk-siwi.de\/wp-content\/uploads\/2016\/08\/DSC_0008-1-2.jpg\"><img loading=\"lazy\" decoding=\"async\" class=\"size-full wp-image-256\" src=\"http:\/\/buergerfunk-siwi.de\/wp-content\/uploads\/2016\/08\/DSC_0008-1-2.jpg\" alt=\"&quot;Unteres Schloss&quot; in Siegen - Foto: J. Sch\u00f6ler\" width=\"2048\" height=\"1362\" srcset=\"https:\/\/buergerfunk-siwi.de\/wp-content\/uploads\/2016\/08\/DSC_0008-1-2.jpg 2048w, https:\/\/buergerfunk-siwi.de\/wp-content\/uploads\/2016\/08\/DSC_0008-1-2-300x200.jpg 300w, https:\/\/buergerfunk-siwi.de\/wp-content\/uploads\/2016\/08\/DSC_0008-1-2-768x511.jpg 768w, https:\/\/buergerfunk-siwi.de\/wp-content\/uploads\/2016\/08\/DSC_0008-1-2-1024x681.jpg 1024w\" sizes=\"(max-width: 2048px) 100vw, 2048px\" \/><\/a><figcaption id=\"caption-attachment-256\" class=\"wp-caption-text\">&#8222;Unteres Schloss&#8220; in Siegen &#8211; Foto: Jost Sch\u00f6ler<\/figcaption><\/figure>\n<p><strong>Frage 5<\/strong>: Im Mittelteil des &#8222;Unteren Schlosses&#8220; befindet sich die F\u00fcrstengruft des gro\u00dfen F\u00fcrst Johann-Moritz von Nassau-Siegen. Das prachtvolle Eingangstor ist mit vielen Ornamenten verziert. Unter anderem befindet sich auf dieser T\u00fcr neben dem Abbild des nassauischen L\u00f6wen\u00a0ein ganz besonderes Tier, was eigentlich gar nicht zu Siegen passt. Ist das ein &#8230; ?<\/p>\n<p>A: ein Wisent<br \/>\nB: ein Elefant<br \/>\nC: ein Pinguin<\/p>\n<p>Sie k\u00f6nnen an dem Gewinnspiel teilnehmen, in dem Sie die Fragen in einer Email an <a href=\"mailto:hperl@gmx.de\">hperl@gmx.de<\/a> richtig beantworten, oder sie senden uns eine Karte\/Brief an die unten angegebene Adresse, auch eine rechtzeitige Antwort \u00fcber das Kontaktformular auf dieser\u00a0Seite wird ber\u00fccksichtigt. Der Rechtsweg ist ausgeschlossen. Einsendeschluss ist der 18. September 2016.<\/p>\n<p><a href=\"http:\/\/buergerfunk-siwi.de\/wp-content\/uploads\/2016\/08\/preisausschreiben.jpg\"><img loading=\"lazy\" decoding=\"async\" class=\"alignnone size-full wp-image-260\" src=\"http:\/\/buergerfunk-siwi.de\/wp-content\/uploads\/2016\/08\/preisausschreiben.jpg\" alt=\"preisausschreiben\" width=\"313\" height=\"67\" srcset=\"https:\/\/buergerfunk-siwi.de\/wp-content\/uploads\/2016\/08\/preisausschreiben.jpg 313w, https:\/\/buergerfunk-siwi.de\/wp-content\/uploads\/2016\/08\/preisausschreiben-300x64.jpg 300w\" sizes=\"(max-width: 313px) 100vw, 313px\" \/><\/a><\/p>\n<p><strong>Weiteres Thema unserer Sendung am 1.9.2016:<br \/>\n<\/strong>Zu Besuch im Studio haben wir <strong>Marco Knehr<\/strong> und <strong>Herr Fern\u00e1ndez<\/strong>.<\/p>\n<p>Diese beiden Musiker liefern uns eine Kostprobe ihrer Musik, erstmals so auch auf Radio Siegen h\u00f6rbar\u00a0im B\u00fcrgerfunk. H\u00f6rt sich wirklich gut an!<br \/>\nSie interpretieren die Musik von Simon &amp; Garfunkel ganz neu &#8230; auf ihre ganz eigene Art.<br \/>\nAm Samstag, den 17.9. treten die Beiden\u00a0in der Evangelischen Kirche in Niederschelden auf.<br \/>\nEinlass ist ab 19:30 Uhr, \u00a0Beginn ab 20:00 Uhr. Wir haben die Beiden im Studio befragt: wie haben sie sich gefunden, wie kam es zu diesem gemeinsamen Konzert? Die Beiden haben sich uns vorgestellt und wir freuen uns schon auf dieses Konzert. Sie sind dazu herzlich eingeladen.<\/p>\n<p>Vergessen Sie nun nicht, an dem Gewinnspiel teilzunehmen. Wir w\u00fcnschen Ihnen ganz viel Gl\u00fcck!<\/p>\n","protected":false},"excerpt":{"rendered":"<p>&#8222;Wie kommt der Elefant ins Siegerland&#8220; &#8211; ein Thema der n\u00e4chsten Sendung am 2.9. um 20:03 Uhr Zu Besuch im Studio Kreuztal sind: Katja Nix &#8211; sie hat sich die &#8222;F\u00fcrstengruft-Rallye&#8220; in Siegen ausgedacht, eine Stadtf\u00fchrung speziell f\u00fcr Kinder &#8211; auf spielerische Art\u00a0k\u00f6nnen die Kinder die Geschichte der Stadt Siegen erkunden und suchen dabei noch &hellip; <a href=\"https:\/\/buergerfunk-siwi.de\/?p=252\" class=\"more-link\"><span class=\"screen-reader-text\">N\u00e4chste Sendung: 2.9.2016 auf Radio Siegen um 20:03 Uhr &#8211; &#8222;Wie kommt der Elefant ins Siegerland&#8220;<\/span> weiterlesen <span class=\"meta-nav\">&rarr;<\/span><\/a><\/p>\n","protected":false},"author":2,"featured_media":0,"comment_status":"open","ping_status":"open","sticky":false,"template":"","format":"standard","meta":{"footnotes":""},"categories":[2],"tags":[],"_links":{"self":[{"href":"https:\/\/buergerfunk-siwi.de\/index.php?rest_route=\/wp\/v2\/posts\/252"}],"collection":[{"href":"https:\/\/buergerfunk-siwi.de\/index.php?rest_route=\/wp\/v2\/posts"}],"about":[{"href":"https:\/\/buergerfunk-siwi.de\/index.php?rest_route=\/wp\/v2\/types\/post"}],"author":[{"embeddable":true,"href":"https:\/\/buergerfunk-siwi.de\/index.php?rest_route=\/wp\/v2\/users\/2"}],"replies":[{"embeddable":true,"href":"https:\/\/buergerfunk-siwi.de\/index.php?rest_route=%2Fwp%2Fv2%2Fcomments&post=252"}],"version-history":[{"count":6,"href":"https:\/\/buergerfunk-siwi.de\/index.php?rest_route=\/wp\/v2\/posts\/252\/revisions"}],"predecessor-version":[{"id":261,"href":"https:\/\/buergerfunk-siwi.de\/index.php?rest_route=\/wp\/v2\/posts\/252\/revisions\/261"}],"wp:attachment":[{"href":"https:\/\/buergerfunk-siwi.de\/index.php?rest_route=%2Fwp%2Fv2%2Fmedia&parent=252"}],"wp:term":[{"taxonomy":"category","embeddable":true,"href":"https:\/\/buergerfunk-siwi.de\/index.php?rest_route=%2Fwp%2Fv2%2Fcategories&post=252"},{"taxonomy":"post_tag","embeddable":true,"href":"https:\/\/buergerfunk-siwi.de\/index.php?rest_route=%2Fwp%2Fv2%2Ftags&post=252"}],"curies":[{"name":"wp","href":"https:\/\/api.w.org\/{rel}","templated":true}]}}