{"id":1647,"date":"2025-10-25T06:23:47","date_gmt":"2025-10-25T05:23:47","guid":{"rendered":"https:\/\/buergerfunk-siwi.de\/?p=1647"},"modified":"2025-11-08T09:02:21","modified_gmt":"2025-11-08T08:02:21","slug":"l%e1%b4%8f%e1%b4%8b%e1%b4%80%ca%9fr%e1%b4%87%e1%b4%98%e1%b4%8f%ca%80%e1%b4%9b-26-10-2025","status":"publish","type":"post","link":"https:\/\/buergerfunk-siwi.de\/?p=1647","title":{"rendered":"L\u1d0f\u1d0b\u1d00\u029fR\u1d07\u1d18\u1d0f\u0280\u1d1b 26.10.2025"},"content":{"rendered":"\r\n<p>Diesmal ging&#8217;s um die Selbsthilfegruppe f\u00fcr H\u00f6rgesch\u00e4digte.<\/p>\r\n<div style=\"position:relative;padding-top:74.21875%;\"> <iframe src=\"https:\/\/www.nrwision.de\/mediathek\/embed\/lokalreport-shg-fuer-hoergeschaedigte-in-siegen-und-umgebung-251103\/\" scrolling=\"no\" frameborder=\"0\" allowfullscreen style=\"position:absolute;top:0;left:0;width:100%;height:100%;\"><\/iframe> <\/div>\r\n","protected":false},"excerpt":{"rendered":"<p>Diesmal ging&#8217;s um die Selbsthilfegruppe f\u00fcr H\u00f6rgesch\u00e4digte.<\/p>\n","protected":false},"author":6,"featured_media":0,"comment_status":"open","ping_status":"open","sticky":false,"template":"","format":"standard","meta":{"footnotes":""},"categories":[1],"tags":[],"_links":{"self":[{"href":"https:\/\/buergerfunk-siwi.de\/index.php?rest_route=\/wp\/v2\/posts\/1647"}],"collection":[{"href":"https:\/\/buergerfunk-siwi.de\/index.php?rest_route=\/wp\/v2\/posts"}],"about":[{"href":"https:\/\/buergerfunk-siwi.de\/index.php?rest_route=\/wp\/v2\/types\/post"}],"author":[{"embeddable":true,"href":"https:\/\/buergerfunk-siwi.de\/index.php?rest_route=\/wp\/v2\/users\/6"}],"replies":[{"embeddable":true,"href":"https:\/\/buergerfunk-siwi.de\/index.php?rest_route=%2Fwp%2Fv2%2Fcomments&post=1647"}],"version-history":[{"count":5,"href":"https:\/\/buergerfunk-siwi.de\/index.php?rest_route=\/wp\/v2\/posts\/1647\/revisions"}],"predecessor-version":[{"id":1660,"href":"https:\/\/buergerfunk-siwi.de\/index.php?rest_route=\/wp\/v2\/posts\/1647\/revisions\/1660"}],"wp:attachment":[{"href":"https:\/\/buergerfunk-siwi.de\/index.php?rest_route=%2Fwp%2Fv2%2Fmedia&parent=1647"}],"wp:term":[{"taxonomy":"category","embeddable":true,"href":"https:\/\/buergerfunk-siwi.de\/index.php?rest_route=%2Fwp%2Fv2%2Fcategories&post=1647"},{"taxonomy":"post_tag","embeddable":true,"href":"https:\/\/buergerfunk-siwi.de\/index.php?rest_route=%2Fwp%2Fv2%2Ftags&post=1647"}],"curies":[{"name":"wp","href":"https:\/\/api.w.org\/{rel}","templated":true}]}}