{"id":1569,"date":"2025-02-08T13:24:56","date_gmt":"2025-02-08T12:24:56","guid":{"rendered":"https:\/\/buergerfunk-siwi.de\/?p=1569"},"modified":"2025-02-18T10:24:06","modified_gmt":"2025-02-18T09:24:06","slug":"l%e1%b4%8f%e1%b4%8b%e1%b4%80%ca%9fr%e1%b4%87%e1%b4%98%e1%b4%8f%ca%80%e1%b4%9b-09-02-2025","status":"publish","type":"post","link":"https:\/\/buergerfunk-siwi.de\/?p=1569","title":{"rendered":"L\u1d0f\u1d0b\u1d00\u029fR\u1d07\u1d18\u1d0f\u0280\u1d1b 09.02.2025"},"content":{"rendered":"<p>Diesmal geht&#8217;s um den <a href=\"https:\/\/derladen-siegen.de\/\">Kleiderladen der Siegerl\u00e4nder Frauenhilfen<\/a>.<br \/>\nUlla Schreiber sprach mit der Ladenleiterin und der Gesch\u00e4ftsf\u00fchrerin des Bezirksverbands der Siegerl\u00e4nder Frauenhilfen.<\/p>\n<div style=\"position: relative; padding-top: 74.21875%;\"><iframe style=\"position: absolute; top: 0; left: 0; width: 100%; height: 100%;\" src=\"https:\/\/www.nrwision.de\/mediathek\/embed\/lokalreport-kleiderladen-der-siegerlaender-frauenhilfen-e-v-250211\/\" frameborder=\"0\" scrolling=\"no\" allowfullscreen=\"allowfullscreen\"><\/iframe><\/div>\n","protected":false},"excerpt":{"rendered":"<p>Diesmal geht&#8217;s um den Kleiderladen der Siegerl\u00e4nder Frauenhilfen. Ulla Schreiber sprach mit der Ladenleiterin und der Gesch\u00e4ftsf\u00fchrerin des Bezirksverbands der Siegerl\u00e4nder Frauenhilfen.<\/p>\n","protected":false},"author":6,"featured_media":0,"comment_status":"open","ping_status":"open","sticky":false,"template":"","format":"standard","meta":{"footnotes":""},"categories":[1],"tags":[],"_links":{"self":[{"href":"https:\/\/buergerfunk-siwi.de\/index.php?rest_route=\/wp\/v2\/posts\/1569"}],"collection":[{"href":"https:\/\/buergerfunk-siwi.de\/index.php?rest_route=\/wp\/v2\/posts"}],"about":[{"href":"https:\/\/buergerfunk-siwi.de\/index.php?rest_route=\/wp\/v2\/types\/post"}],"author":[{"embeddable":true,"href":"https:\/\/buergerfunk-siwi.de\/index.php?rest_route=\/wp\/v2\/users\/6"}],"replies":[{"embeddable":true,"href":"https:\/\/buergerfunk-siwi.de\/index.php?rest_route=%2Fwp%2Fv2%2Fcomments&post=1569"}],"version-history":[{"count":4,"href":"https:\/\/buergerfunk-siwi.de\/index.php?rest_route=\/wp\/v2\/posts\/1569\/revisions"}],"predecessor-version":[{"id":1575,"href":"https:\/\/buergerfunk-siwi.de\/index.php?rest_route=\/wp\/v2\/posts\/1569\/revisions\/1575"}],"wp:attachment":[{"href":"https:\/\/buergerfunk-siwi.de\/index.php?rest_route=%2Fwp%2Fv2%2Fmedia&parent=1569"}],"wp:term":[{"taxonomy":"category","embeddable":true,"href":"https:\/\/buergerfunk-siwi.de\/index.php?rest_route=%2Fwp%2Fv2%2Fcategories&post=1569"},{"taxonomy":"post_tag","embeddable":true,"href":"https:\/\/buergerfunk-siwi.de\/index.php?rest_route=%2Fwp%2Fv2%2Ftags&post=1569"}],"curies":[{"name":"wp","href":"https:\/\/api.w.org\/{rel}","templated":true}]}}