{"id":1562,"date":"2024-12-20T12:16:32","date_gmt":"2024-12-20T11:16:32","guid":{"rendered":"https:\/\/buergerfunk-siwi.de\/?p=1562"},"modified":"2025-02-08T13:19:13","modified_gmt":"2025-02-08T12:19:13","slug":"%e2%9a%a1%e2%82%b7%e1%b4%84%ca%9c%e1%b4%a1%e1%b4%80%ca%80%c6%b6%ca%84%e1%b4%9c%c9%b4%e1%b4%8b%e2%9a%a1","status":"publish","type":"post","link":"https:\/\/buergerfunk-siwi.de\/?p=1562","title":{"rendered":"\u26a1\u20b7\u1d04\u029c\u1d21\u1d00\u0280\u01b6\u0284\u1d1c\u0274\u1d0b\u26a1"},"content":{"rendered":"<p>der \ua7b2\u212e\u0274\ua731 is da und macht \u212ein Mikrojahrhundert \u20b7\u1d04\u029c\u1d21\u1d00\u0280\u01b6\u0284\u1d1c\u0274\u1d0b auf Radio Siegen.<br \/>\nau\u00dferdem schw\u00e4tzt der k\u00fcrzlich verstorbene Bruno Steuber Seijerl\u00e4nner Platt. \u0274\u1d0f\u1d05\u1d05\u1d00<\/p>\n<div style=\"position: relative; padding-top: 74.21875%;\"><iframe style=\"position: absolute; top: 0; left: 0; width: 100%; height: 100%;\" src=\"https:\/\/www.nrwision.de\/mediathek\/embed\/schwarzfunk-schallplatten-gedenken-an-bruno-steuber-250206\/\" frameborder=\"0\" scrolling=\"no\" allowfullscreen=\"allowfullscreen\"><\/iframe><\/div>\n","protected":false},"excerpt":{"rendered":"<p>der \ua7b2\u212e\u0274\ua731 is da und macht \u212ein Mikrojahrhundert \u20b7\u1d04\u029c\u1d21\u1d00\u0280\u01b6\u0284\u1d1c\u0274\u1d0b auf Radio Siegen. au\u00dferdem schw\u00e4tzt der k\u00fcrzlich verstorbene Bruno Steuber Seijerl\u00e4nner Platt. \u0274\u1d0f\u1d05\u1d05\u1d00<\/p>\n","protected":false},"author":6,"featured_media":0,"comment_status":"open","ping_status":"open","sticky":false,"template":"","format":"standard","meta":{"footnotes":""},"categories":[1],"tags":[],"_links":{"self":[{"href":"https:\/\/buergerfunk-siwi.de\/index.php?rest_route=\/wp\/v2\/posts\/1562"}],"collection":[{"href":"https:\/\/buergerfunk-siwi.de\/index.php?rest_route=\/wp\/v2\/posts"}],"about":[{"href":"https:\/\/buergerfunk-siwi.de\/index.php?rest_route=\/wp\/v2\/types\/post"}],"author":[{"embeddable":true,"href":"https:\/\/buergerfunk-siwi.de\/index.php?rest_route=\/wp\/v2\/users\/6"}],"replies":[{"embeddable":true,"href":"https:\/\/buergerfunk-siwi.de\/index.php?rest_route=%2Fwp%2Fv2%2Fcomments&post=1562"}],"version-history":[{"count":4,"href":"https:\/\/buergerfunk-siwi.de\/index.php?rest_route=\/wp\/v2\/posts\/1562\/revisions"}],"predecessor-version":[{"id":1568,"href":"https:\/\/buergerfunk-siwi.de\/index.php?rest_route=\/wp\/v2\/posts\/1562\/revisions\/1568"}],"wp:attachment":[{"href":"https:\/\/buergerfunk-siwi.de\/index.php?rest_route=%2Fwp%2Fv2%2Fmedia&parent=1562"}],"wp:term":[{"taxonomy":"category","embeddable":true,"href":"https:\/\/buergerfunk-siwi.de\/index.php?rest_route=%2Fwp%2Fv2%2Fcategories&post=1562"},{"taxonomy":"post_tag","embeddable":true,"href":"https:\/\/buergerfunk-siwi.de\/index.php?rest_route=%2Fwp%2Fv2%2Ftags&post=1562"}],"curies":[{"name":"wp","href":"https:\/\/api.w.org\/{rel}","templated":true}]}}