{"id":155,"date":"2016-02-19T20:52:26","date_gmt":"2016-02-19T20:52:26","guid":{"rendered":"http:\/\/buergerfunk-siwi.de\/?p=155"},"modified":"2016-02-23T01:05:21","modified_gmt":"2016-02-23T01:05:21","slug":"naechste-sendung-23-2-2016-2003-uhr-die-jugendradiogruppe-onair-stellt-ihr-projekt-vor","status":"publish","type":"post","link":"https:\/\/buergerfunk-siwi.de\/?p=155","title":{"rendered":"N\u00e4chste Sendung 23.2.2016 &#8211; 20:03 Uhr &#8211; Die Jugendradiogruppe &#8222;OnAir&#8220; stellt ihr Projekt vor"},"content":{"rendered":"<h5>Die Jugendradiogruppe &#8222;OnAir&#8220; aus Kreuztal stellt am 23.2. ihr Projekt auf Radio Siegen vor<\/h5>\n<p>Seit August 2015 trifft sich die Jugendradiogruppe &#8222;OnAir&#8220; in der Jugendbegegnungsst\u00e4tte Kreuztal.<br \/>\nUnter fachkundiger Anleitung von Herbert Perl sowie Jost Sch\u00f6ler (B\u00fcrgerfunk Siegen-Wittgenstein) und Lars\u00a0 Dettmer vom &#8222;Junges Theater Siegen&#8220; wurden Interviews, Grundlagen der Moderation im Radio\u00a0und vieles mehr trainiert und ge\u00fcbt. Zum Abschlu\u00df haben die M\u00e4dchen und Jungs im Alter von 12-14 Jahren eine Sendung produziert, wo sie ihr Projekt vorstellen.<br \/>\nWir hatten alle viel Spa\u00df dabei und\u00a0nun wollen die Jugendlichen gemeinsam weiter Radio machen und wir werden sie dabei unterst\u00fctzen.<br \/>\nAuch ein Nachfolgeprojekt ist in Planung.\u00a0<a href=\"http:\/\/buergerfunk-siwi.de\/wp-content\/uploads\/2016\/02\/DSC_0389-1.jpg\" rel=\"attachment wp-att-156\"><img loading=\"lazy\" decoding=\"async\" class=\"alignnone size-full wp-image-156\" src=\"http:\/\/buergerfunk-siwi.de\/wp-content\/uploads\/2016\/02\/DSC_0389-1.jpg\" alt=\"DSC_0389-1\" width=\"1024\" height=\"720\" srcset=\"https:\/\/buergerfunk-siwi.de\/wp-content\/uploads\/2016\/02\/DSC_0389-1.jpg 1024w, https:\/\/buergerfunk-siwi.de\/wp-content\/uploads\/2016\/02\/DSC_0389-1-300x211.jpg 300w, https:\/\/buergerfunk-siwi.de\/wp-content\/uploads\/2016\/02\/DSC_0389-1-768x540.jpg 768w\" sizes=\"(max-width: 1024px) 100vw, 1024px\" \/><\/a><br \/>\n<a href=\"http:\/\/buergerfunk-siwi.de\/wp-content\/uploads\/2016\/02\/DSC_0392-1.jpg\" rel=\"attachment wp-att-157\"><img loading=\"lazy\" decoding=\"async\" class=\"alignnone size-full wp-image-157\" src=\"http:\/\/buergerfunk-siwi.de\/wp-content\/uploads\/2016\/02\/DSC_0392-1.jpg\" alt=\"DSC_0392-1\" width=\"1024\" height=\"681\" srcset=\"https:\/\/buergerfunk-siwi.de\/wp-content\/uploads\/2016\/02\/DSC_0392-1.jpg 1024w, https:\/\/buergerfunk-siwi.de\/wp-content\/uploads\/2016\/02\/DSC_0392-1-300x200.jpg 300w, https:\/\/buergerfunk-siwi.de\/wp-content\/uploads\/2016\/02\/DSC_0392-1-768x511.jpg 768w\" sizes=\"(max-width: 1024px) 100vw, 1024px\" \/><\/a><br \/>\n<a href=\"http:\/\/buergerfunk-siwi.de\/wp-content\/uploads\/2016\/02\/DSC_0390-1.jpg\" rel=\"attachment wp-att-158\"><img loading=\"lazy\" decoding=\"async\" class=\"alignnone size-full wp-image-158\" src=\"http:\/\/buergerfunk-siwi.de\/wp-content\/uploads\/2016\/02\/DSC_0390-1.jpg\" alt=\"DSC_0390-1\" width=\"1024\" height=\"681\" srcset=\"https:\/\/buergerfunk-siwi.de\/wp-content\/uploads\/2016\/02\/DSC_0390-1.jpg 1024w, https:\/\/buergerfunk-siwi.de\/wp-content\/uploads\/2016\/02\/DSC_0390-1-300x200.jpg 300w, https:\/\/buergerfunk-siwi.de\/wp-content\/uploads\/2016\/02\/DSC_0390-1-768x511.jpg 768w\" sizes=\"(max-width: 1024px) 100vw, 1024px\" \/><\/a><\/p>\n","protected":false},"excerpt":{"rendered":"<p>Die Jugendradiogruppe &#8222;OnAir&#8220; aus Kreuztal stellt am 23.2. ihr Projekt auf Radio Siegen vor Seit August 2015 trifft sich die Jugendradiogruppe &#8222;OnAir&#8220; in der Jugendbegegnungsst\u00e4tte Kreuztal. Unter fachkundiger Anleitung von Herbert Perl sowie Jost Sch\u00f6ler (B\u00fcrgerfunk Siegen-Wittgenstein) und Lars\u00a0 Dettmer vom &#8222;Junges Theater Siegen&#8220; wurden Interviews, Grundlagen der Moderation im Radio\u00a0und vieles mehr trainiert und &hellip; <a href=\"https:\/\/buergerfunk-siwi.de\/?p=155\" class=\"more-link\"><span class=\"screen-reader-text\">N\u00e4chste Sendung 23.2.2016 &#8211; 20:03 Uhr &#8211; Die Jugendradiogruppe &#8222;OnAir&#8220; stellt ihr Projekt vor<\/span> weiterlesen <span class=\"meta-nav\">&rarr;<\/span><\/a><\/p>\n","protected":false},"author":2,"featured_media":0,"comment_status":"open","ping_status":"open","sticky":false,"template":"","format":"standard","meta":{"footnotes":""},"categories":[2],"tags":[29,25,26,28,27],"_links":{"self":[{"href":"https:\/\/buergerfunk-siwi.de\/index.php?rest_route=\/wp\/v2\/posts\/155"}],"collection":[{"href":"https:\/\/buergerfunk-siwi.de\/index.php?rest_route=\/wp\/v2\/posts"}],"about":[{"href":"https:\/\/buergerfunk-siwi.de\/index.php?rest_route=\/wp\/v2\/types\/post"}],"author":[{"embeddable":true,"href":"https:\/\/buergerfunk-siwi.de\/index.php?rest_route=\/wp\/v2\/users\/2"}],"replies":[{"embeddable":true,"href":"https:\/\/buergerfunk-siwi.de\/index.php?rest_route=%2Fwp%2Fv2%2Fcomments&post=155"}],"version-history":[{"count":2,"href":"https:\/\/buergerfunk-siwi.de\/index.php?rest_route=\/wp\/v2\/posts\/155\/revisions"}],"predecessor-version":[{"id":160,"href":"https:\/\/buergerfunk-siwi.de\/index.php?rest_route=\/wp\/v2\/posts\/155\/revisions\/160"}],"wp:attachment":[{"href":"https:\/\/buergerfunk-siwi.de\/index.php?rest_route=%2Fwp%2Fv2%2Fmedia&parent=155"}],"wp:term":[{"taxonomy":"category","embeddable":true,"href":"https:\/\/buergerfunk-siwi.de\/index.php?rest_route=%2Fwp%2Fv2%2Fcategories&post=155"},{"taxonomy":"post_tag","embeddable":true,"href":"https:\/\/buergerfunk-siwi.de\/index.php?rest_route=%2Fwp%2Fv2%2Ftags&post=155"}],"curies":[{"name":"wp","href":"https:\/\/api.w.org\/{rel}","templated":true}]}}