{"id":1547,"date":"2024-11-16T08:28:42","date_gmt":"2024-11-16T07:28:42","guid":{"rendered":"https:\/\/buergerfunk-siwi.de\/?p=1547"},"modified":"2024-12-13T08:09:53","modified_gmt":"2024-12-13T07:09:53","slug":"l%e1%b4%8f%e1%b4%8b%e1%b4%80%ca%9fr%e1%b4%87%e1%b4%98%e1%b4%8f%ca%80%e1%b4%9b-17-11-2024","status":"publish","type":"post","link":"https:\/\/buergerfunk-siwi.de\/?p=1547","title":{"rendered":"L\u1d0f\u1d0b\u1d00\u029fR\u1d07\u1d18\u1d0f\u0280\u1d1b 17.11.2024"},"content":{"rendered":"<p>Ulla Schreiber sprach mit ihren G\u00e4sten von der Ambulanten \u00d6kumenischen Hospizhilfe \u00fcber das Thema Sterbebegleitung.<br \/><a href=\"https:\/\/www.hospizhilfe-siegen.de\">Hospizhilfe-Siegen.de<\/a><\/p>\r\n<div style=\"position: relative; padding-top: 74.21875%;\"><iframe style=\"position: absolute; top: 0; left: 0; width: 100%; height: 100%;\" src=\"https:\/\/www.nrwision.de\/mediathek\/embed\/lokalreport-sterbebegleitung-ambulante-oekumenische-hospizhilfe-siegen-241120\/\" frameborder=\"0\" scrolling=\"no\" allowfullscreen=\"allowfullscreen\"><\/iframe><\/div>\r\n<p>&nbsp;<\/p>\r\n","protected":false},"excerpt":{"rendered":"<p>Ulla Schreiber sprach mit ihren G\u00e4sten von der Ambulanten \u00d6kumenischen Hospizhilfe \u00fcber das Thema Sterbebegleitung.Hospizhilfe-Siegen.de &nbsp;<\/p>\n","protected":false},"author":6,"featured_media":0,"comment_status":"open","ping_status":"open","sticky":false,"template":"","format":"standard","meta":{"footnotes":""},"categories":[1],"tags":[],"_links":{"self":[{"href":"https:\/\/buergerfunk-siwi.de\/index.php?rest_route=\/wp\/v2\/posts\/1547"}],"collection":[{"href":"https:\/\/buergerfunk-siwi.de\/index.php?rest_route=\/wp\/v2\/posts"}],"about":[{"href":"https:\/\/buergerfunk-siwi.de\/index.php?rest_route=\/wp\/v2\/types\/post"}],"author":[{"embeddable":true,"href":"https:\/\/buergerfunk-siwi.de\/index.php?rest_route=\/wp\/v2\/users\/6"}],"replies":[{"embeddable":true,"href":"https:\/\/buergerfunk-siwi.de\/index.php?rest_route=%2Fwp%2Fv2%2Fcomments&post=1547"}],"version-history":[{"count":4,"href":"https:\/\/buergerfunk-siwi.de\/index.php?rest_route=\/wp\/v2\/posts\/1547\/revisions"}],"predecessor-version":[{"id":1556,"href":"https:\/\/buergerfunk-siwi.de\/index.php?rest_route=\/wp\/v2\/posts\/1547\/revisions\/1556"}],"wp:attachment":[{"href":"https:\/\/buergerfunk-siwi.de\/index.php?rest_route=%2Fwp%2Fv2%2Fmedia&parent=1547"}],"wp:term":[{"taxonomy":"category","embeddable":true,"href":"https:\/\/buergerfunk-siwi.de\/index.php?rest_route=%2Fwp%2Fv2%2Fcategories&post=1547"},{"taxonomy":"post_tag","embeddable":true,"href":"https:\/\/buergerfunk-siwi.de\/index.php?rest_route=%2Fwp%2Fv2%2Ftags&post=1547"}],"curies":[{"name":"wp","href":"https:\/\/api.w.org\/{rel}","templated":true}]}}