{"id":1542,"date":"2024-10-19T07:03:10","date_gmt":"2024-10-19T06:03:10","guid":{"rendered":"https:\/\/buergerfunk-siwi.de\/?p=1542"},"modified":"2024-11-10T17:00:21","modified_gmt":"2024-11-10T16:00:21","slug":"l%e1%b4%8f%e1%b4%8b%e1%b4%80%ca%9fr%e1%b4%87%e1%b4%98%e1%b4%8f%ca%80%e1%b4%9b-20-10-2024","status":"publish","type":"post","link":"https:\/\/buergerfunk-siwi.de\/?p=1542","title":{"rendered":"L\u1d0f\u1d0b\u1d00\u029fR\u1d07\u1d18\u1d0f\u0280\u1d1b 20.10.2024"},"content":{"rendered":"\r\n<p>Im L\u1d0f\u1d0b\u1d00\u029fR\u1d07\u1d18\u1d0f\u0280\u1d1b sprach Ulla Schreiber mit unseren G\u00e4sten<br \/>von der Kreispolizeibeh\u00f6rde Siegen Wittgenstein \u00fcber das Thema Respekt.<\/p>\r\n<div style=\"position: relative; padding-top: 74.21875%;\"><iframe style=\"position: absolute; top: 0; left: 0; width: 100%; height: 100%;\" src=\"https:\/\/www.nrwision.de\/mediathek\/embed\/lokalreport-respekt-kreispolizeibehoerde-siegen-wittgenstein-241022\/\" frameborder=\"0\" scrolling=\"no\" allowfullscreen=\"allowfullscreen\"><\/iframe><\/div>\r\n<p>&nbsp;<\/p>\r\n","protected":false},"excerpt":{"rendered":"<p>Im L\u1d0f\u1d0b\u1d00\u029fR\u1d07\u1d18\u1d0f\u0280\u1d1b sprach Ulla Schreiber mit unseren G\u00e4stenvon der Kreispolizeibeh\u00f6rde Siegen Wittgenstein \u00fcber das Thema Respekt. &nbsp;<\/p>\n","protected":false},"author":6,"featured_media":0,"comment_status":"open","ping_status":"open","sticky":false,"template":"","format":"standard","meta":{"footnotes":""},"categories":[1],"tags":[],"_links":{"self":[{"href":"https:\/\/buergerfunk-siwi.de\/index.php?rest_route=\/wp\/v2\/posts\/1542"}],"collection":[{"href":"https:\/\/buergerfunk-siwi.de\/index.php?rest_route=\/wp\/v2\/posts"}],"about":[{"href":"https:\/\/buergerfunk-siwi.de\/index.php?rest_route=\/wp\/v2\/types\/post"}],"author":[{"embeddable":true,"href":"https:\/\/buergerfunk-siwi.de\/index.php?rest_route=\/wp\/v2\/users\/6"}],"replies":[{"embeddable":true,"href":"https:\/\/buergerfunk-siwi.de\/index.php?rest_route=%2Fwp%2Fv2%2Fcomments&post=1542"}],"version-history":[{"count":4,"href":"https:\/\/buergerfunk-siwi.de\/index.php?rest_route=\/wp\/v2\/posts\/1542\/revisions"}],"predecessor-version":[{"id":1549,"href":"https:\/\/buergerfunk-siwi.de\/index.php?rest_route=\/wp\/v2\/posts\/1542\/revisions\/1549"}],"wp:attachment":[{"href":"https:\/\/buergerfunk-siwi.de\/index.php?rest_route=%2Fwp%2Fv2%2Fmedia&parent=1542"}],"wp:term":[{"taxonomy":"category","embeddable":true,"href":"https:\/\/buergerfunk-siwi.de\/index.php?rest_route=%2Fwp%2Fv2%2Fcategories&post=1542"},{"taxonomy":"post_tag","embeddable":true,"href":"https:\/\/buergerfunk-siwi.de\/index.php?rest_route=%2Fwp%2Fv2%2Ftags&post=1542"}],"curies":[{"name":"wp","href":"https:\/\/api.w.org\/{rel}","templated":true}]}}