{"id":1500,"date":"2023-04-06T20:11:27","date_gmt":"2023-04-06T19:11:27","guid":{"rendered":"https:\/\/buergerfunk-siwi.de\/?p=1500"},"modified":"2023-04-06T20:11:27","modified_gmt":"2023-04-06T19:11:27","slug":"naechste-sendung-02-april-um-2003-uhr-auf-radio-siegen-2","status":"publish","type":"post","link":"https:\/\/buergerfunk-siwi.de\/?p=1500","title":{"rendered":"N\u00e4chste Sendung: 07. April um 20:03 Uhr auf Radio Siegen"},"content":{"rendered":"<h5>Themen der Sendung am Freitag, den 07. April, 20:03 Uhr:<\/h5>\n<ul>\n<li>Viele L\u00e4nder, viele Osterbr\u00e4uche: So wird das Fest weltweit gefeiert.<\/li>\n<\/ul>\n<p>Das Osterfest ist in vielen L\u00e4ndern ein wichtiges Ereignis im Jahreskalender und wird von vielen Menschen auf unterschiedliche Weise gefeiert. In der Sendung am kommenden Freitag werden wir einige dieser Osterbr\u00e4uche vorstellen und einen Einblick in die verschiedenen Traditionen und Rituale geben.<\/p>\n<p>Wir freuen uns auf jeden Fall darauf, dir am Freitag mehr dar\u00fcber zu erz\u00e4hlen. Wenn du Fragen oder Anregungen hast, z\u00f6gere nicht, uns zu kontaktieren. Wir w\u00fcnschen frohe Ostern.<\/p>\n","protected":false},"excerpt":{"rendered":"<p>Themen der Sendung am Freitag, den 07. April, 20:03 Uhr: Viele L\u00e4nder, viele Osterbr\u00e4uche: So wird das Fest weltweit gefeiert. Das Osterfest ist in vielen L\u00e4ndern ein wichtiges Ereignis im Jahreskalender und wird von vielen Menschen auf unterschiedliche Weise gefeiert. In der Sendung am kommenden Freitag werden wir einige dieser Osterbr\u00e4uche vorstellen und einen Einblick &hellip; <a href=\"https:\/\/buergerfunk-siwi.de\/?p=1500\" class=\"more-link\"><span class=\"screen-reader-text\">N\u00e4chste Sendung: 07. April um 20:03 Uhr auf Radio Siegen<\/span> weiterlesen <span class=\"meta-nav\">&rarr;<\/span><\/a><\/p>\n","protected":false},"author":5,"featured_media":0,"comment_status":"open","ping_status":"open","sticky":false,"template":"","format":"standard","meta":{"footnotes":""},"categories":[2],"tags":[65],"_links":{"self":[{"href":"https:\/\/buergerfunk-siwi.de\/index.php?rest_route=\/wp\/v2\/posts\/1500"}],"collection":[{"href":"https:\/\/buergerfunk-siwi.de\/index.php?rest_route=\/wp\/v2\/posts"}],"about":[{"href":"https:\/\/buergerfunk-siwi.de\/index.php?rest_route=\/wp\/v2\/types\/post"}],"author":[{"embeddable":true,"href":"https:\/\/buergerfunk-siwi.de\/index.php?rest_route=\/wp\/v2\/users\/5"}],"replies":[{"embeddable":true,"href":"https:\/\/buergerfunk-siwi.de\/index.php?rest_route=%2Fwp%2Fv2%2Fcomments&post=1500"}],"version-history":[{"count":1,"href":"https:\/\/buergerfunk-siwi.de\/index.php?rest_route=\/wp\/v2\/posts\/1500\/revisions"}],"predecessor-version":[{"id":1501,"href":"https:\/\/buergerfunk-siwi.de\/index.php?rest_route=\/wp\/v2\/posts\/1500\/revisions\/1501"}],"wp:attachment":[{"href":"https:\/\/buergerfunk-siwi.de\/index.php?rest_route=%2Fwp%2Fv2%2Fmedia&parent=1500"}],"wp:term":[{"taxonomy":"category","embeddable":true,"href":"https:\/\/buergerfunk-siwi.de\/index.php?rest_route=%2Fwp%2Fv2%2Fcategories&post=1500"},{"taxonomy":"post_tag","embeddable":true,"href":"https:\/\/buergerfunk-siwi.de\/index.php?rest_route=%2Fwp%2Fv2%2Ftags&post=1500"}],"curies":[{"name":"wp","href":"https:\/\/api.w.org\/{rel}","templated":true}]}}