{"id":1487,"date":"2022-12-14T14:33:44","date_gmt":"2022-12-14T13:33:44","guid":{"rendered":"https:\/\/buergerfunk-siwi.de\/?p=1487"},"modified":"2022-12-14T14:33:44","modified_gmt":"2022-12-14T13:33:44","slug":"naechste-sendung-25-dezember-um-1900-uhr-auf-radio-siegen-2","status":"publish","type":"post","link":"https:\/\/buergerfunk-siwi.de\/?p=1487","title":{"rendered":"N\u00e4chste Sendung: 23. Dezember um 19:03 Uhr auf Radio Siegen"},"content":{"rendered":"<h5>Themen der Sendung am Freitag, den 23. Dezember, 19:03 \u00a0Uhr<\/h5>\n<ul>\n<li>Weihnachten<\/li>\n<\/ul>\n<p>Es ist unsere letzte Sendung in 2022. Unser B\u00fcrgerfunk-Team dankt herzlich allen H\u00f6rer:innen. Wir w\u00fcnschen euch ein sch\u00f6nes Weihnachtsfest und einen guten \u00dcbergang und Start in das Jahr 2023. Mit unserer n\u00e4chsten Sendung melden wir uns am 13.01.2023.<\/p>\n<p>Herzliche Gr\u00fc\u00dfe das \u00a0B\u00fcrgerfunk-Team.<\/p>\n<p>&nbsp;<\/p>\n","protected":false},"excerpt":{"rendered":"<p>Themen der Sendung am Freitag, den 23. Dezember, 19:03 \u00a0Uhr Weihnachten Es ist unsere letzte Sendung in 2022. Unser B\u00fcrgerfunk-Team dankt herzlich allen H\u00f6rer:innen. Wir w\u00fcnschen euch ein sch\u00f6nes Weihnachtsfest und einen guten \u00dcbergang und Start in das Jahr 2023. Mit unserer n\u00e4chsten Sendung melden wir uns am 13.01.2023. Herzliche Gr\u00fc\u00dfe das \u00a0B\u00fcrgerfunk-Team. &nbsp;<\/p>\n","protected":false},"author":5,"featured_media":0,"comment_status":"open","ping_status":"open","sticky":false,"template":"","format":"standard","meta":{"footnotes":""},"categories":[2],"tags":[65],"_links":{"self":[{"href":"https:\/\/buergerfunk-siwi.de\/index.php?rest_route=\/wp\/v2\/posts\/1487"}],"collection":[{"href":"https:\/\/buergerfunk-siwi.de\/index.php?rest_route=\/wp\/v2\/posts"}],"about":[{"href":"https:\/\/buergerfunk-siwi.de\/index.php?rest_route=\/wp\/v2\/types\/post"}],"author":[{"embeddable":true,"href":"https:\/\/buergerfunk-siwi.de\/index.php?rest_route=\/wp\/v2\/users\/5"}],"replies":[{"embeddable":true,"href":"https:\/\/buergerfunk-siwi.de\/index.php?rest_route=%2Fwp%2Fv2%2Fcomments&post=1487"}],"version-history":[{"count":2,"href":"https:\/\/buergerfunk-siwi.de\/index.php?rest_route=\/wp\/v2\/posts\/1487\/revisions"}],"predecessor-version":[{"id":1489,"href":"https:\/\/buergerfunk-siwi.de\/index.php?rest_route=\/wp\/v2\/posts\/1487\/revisions\/1489"}],"wp:attachment":[{"href":"https:\/\/buergerfunk-siwi.de\/index.php?rest_route=%2Fwp%2Fv2%2Fmedia&parent=1487"}],"wp:term":[{"taxonomy":"category","embeddable":true,"href":"https:\/\/buergerfunk-siwi.de\/index.php?rest_route=%2Fwp%2Fv2%2Fcategories&post=1487"},{"taxonomy":"post_tag","embeddable":true,"href":"https:\/\/buergerfunk-siwi.de\/index.php?rest_route=%2Fwp%2Fv2%2Ftags&post=1487"}],"curies":[{"name":"wp","href":"https:\/\/api.w.org\/{rel}","templated":true}]}}