{"id":1440,"date":"2022-08-17T19:43:30","date_gmt":"2022-08-17T18:43:30","guid":{"rendered":"https:\/\/buergerfunk-siwi.de\/?p=1440"},"modified":"2022-08-17T19:43:30","modified_gmt":"2022-08-17T18:43:30","slug":"naechste-sendung-18-september-um-2003-uhr-auf-radio-siegen-2","status":"publish","type":"post","link":"https:\/\/buergerfunk-siwi.de\/?p=1440","title":{"rendered":"N\u00e4chste Sendung: 19. August um 20:03 Uhr auf Radio Siegen"},"content":{"rendered":"<h5>Themen der Sendung am Freitag, den 19. August , 20:03 Uhr<\/h5>\n<ul>\n<li>Schutz f\u00fcr Fl\u00fcsse, B\u00e4che und Pflanzenwelt<\/li>\n<li>Hautkrebsvorsorge<\/li>\n<li>Pflegereport 2022<\/li>\n<\/ul>\n<p>Wir freuen uns, wenn Sie dabei sind. Herzliche Gr\u00fc\u00dfe vom B\u00fcrgerfunk-Team.<\/p>\n<p>PS: F\u00fcr R\u00fcckfragen sind wir immer \u00fcber die Kommentarfunktion der Homepage f\u00fcr Sie da.<\/p>\n<p>&nbsp;<\/p>\n","protected":false},"excerpt":{"rendered":"<p>Themen der Sendung am Freitag, den 19. August , 20:03 Uhr Schutz f\u00fcr Fl\u00fcsse, B\u00e4che und Pflanzenwelt Hautkrebsvorsorge Pflegereport 2022 Wir freuen uns, wenn Sie dabei sind. Herzliche Gr\u00fc\u00dfe vom B\u00fcrgerfunk-Team. PS: F\u00fcr R\u00fcckfragen sind wir immer \u00fcber die Kommentarfunktion der Homepage f\u00fcr Sie da. &nbsp;<\/p>\n","protected":false},"author":5,"featured_media":0,"comment_status":"open","ping_status":"open","sticky":false,"template":"","format":"standard","meta":{"footnotes":""},"categories":[2],"tags":[65],"_links":{"self":[{"href":"https:\/\/buergerfunk-siwi.de\/index.php?rest_route=\/wp\/v2\/posts\/1440"}],"collection":[{"href":"https:\/\/buergerfunk-siwi.de\/index.php?rest_route=\/wp\/v2\/posts"}],"about":[{"href":"https:\/\/buergerfunk-siwi.de\/index.php?rest_route=\/wp\/v2\/types\/post"}],"author":[{"embeddable":true,"href":"https:\/\/buergerfunk-siwi.de\/index.php?rest_route=\/wp\/v2\/users\/5"}],"replies":[{"embeddable":true,"href":"https:\/\/buergerfunk-siwi.de\/index.php?rest_route=%2Fwp%2Fv2%2Fcomments&post=1440"}],"version-history":[{"count":3,"href":"https:\/\/buergerfunk-siwi.de\/index.php?rest_route=\/wp\/v2\/posts\/1440\/revisions"}],"predecessor-version":[{"id":1443,"href":"https:\/\/buergerfunk-siwi.de\/index.php?rest_route=\/wp\/v2\/posts\/1440\/revisions\/1443"}],"wp:attachment":[{"href":"https:\/\/buergerfunk-siwi.de\/index.php?rest_route=%2Fwp%2Fv2%2Fmedia&parent=1440"}],"wp:term":[{"taxonomy":"category","embeddable":true,"href":"https:\/\/buergerfunk-siwi.de\/index.php?rest_route=%2Fwp%2Fv2%2Fcategories&post=1440"},{"taxonomy":"post_tag","embeddable":true,"href":"https:\/\/buergerfunk-siwi.de\/index.php?rest_route=%2Fwp%2Fv2%2Ftags&post=1440"}],"curies":[{"name":"wp","href":"https:\/\/api.w.org\/{rel}","templated":true}]}}