{"id":1192,"date":"2021-02-26T21:00:27","date_gmt":"2021-02-26T20:00:27","guid":{"rendered":"http:\/\/buergerfunk-siwi.de\/?p=1192"},"modified":"2021-02-24T22:11:10","modified_gmt":"2021-02-24T21:11:10","slug":"naechste-sendung-26-februar-um-2003-uhr-auf-radio-siegen-2","status":"publish","type":"post","link":"https:\/\/buergerfunk-siwi.de\/?p=1192","title":{"rendered":"N\u00e4chste Sendung: 07. M\u00e4rz um 19:03 Uhr auf Radio Siegen"},"content":{"rendered":"<h5>Themen der Sondersendung am Sonntag, den 07. M\u00e4rz, 19:03 Uhr<\/h5>\n<ul>\n<li>Weltgebetstag der Frauen:<br \/>\nAn diesem Freitag, das ist immer der erste Freitag im M\u00e4rz,findet der Weltgebetstag der Frauen statt. Es geht immer um\u00a0die Situation von Frauen in einem anderen Land.<\/li>\n<\/ul>\n<p>Wir haben mit den Frauen einen Gottesdienst vorbereitet, der in dieser Sendung gesendet wird.<\/p>\n","protected":false},"excerpt":{"rendered":"<p>Themen der Sondersendung am Sonntag, den 07. M\u00e4rz, 19:03 Uhr Weltgebetstag der Frauen: An diesem Freitag, das ist immer der erste Freitag im M\u00e4rz,findet der Weltgebetstag der Frauen statt. Es geht immer um\u00a0die Situation von Frauen in einem anderen Land. Wir haben mit den Frauen einen Gottesdienst vorbereitet, der in dieser Sendung gesendet wird.<\/p>\n","protected":false},"author":5,"featured_media":0,"comment_status":"open","ping_status":"open","sticky":false,"template":"","format":"standard","meta":{"footnotes":""},"categories":[2],"tags":[65],"_links":{"self":[{"href":"https:\/\/buergerfunk-siwi.de\/index.php?rest_route=\/wp\/v2\/posts\/1192"}],"collection":[{"href":"https:\/\/buergerfunk-siwi.de\/index.php?rest_route=\/wp\/v2\/posts"}],"about":[{"href":"https:\/\/buergerfunk-siwi.de\/index.php?rest_route=\/wp\/v2\/types\/post"}],"author":[{"embeddable":true,"href":"https:\/\/buergerfunk-siwi.de\/index.php?rest_route=\/wp\/v2\/users\/5"}],"replies":[{"embeddable":true,"href":"https:\/\/buergerfunk-siwi.de\/index.php?rest_route=%2Fwp%2Fv2%2Fcomments&post=1192"}],"version-history":[{"count":3,"href":"https:\/\/buergerfunk-siwi.de\/index.php?rest_route=\/wp\/v2\/posts\/1192\/revisions"}],"predecessor-version":[{"id":1195,"href":"https:\/\/buergerfunk-siwi.de\/index.php?rest_route=\/wp\/v2\/posts\/1192\/revisions\/1195"}],"wp:attachment":[{"href":"https:\/\/buergerfunk-siwi.de\/index.php?rest_route=%2Fwp%2Fv2%2Fmedia&parent=1192"}],"wp:term":[{"taxonomy":"category","embeddable":true,"href":"https:\/\/buergerfunk-siwi.de\/index.php?rest_route=%2Fwp%2Fv2%2Fcategories&post=1192"},{"taxonomy":"post_tag","embeddable":true,"href":"https:\/\/buergerfunk-siwi.de\/index.php?rest_route=%2Fwp%2Fv2%2Ftags&post=1192"}],"curies":[{"name":"wp","href":"https:\/\/api.w.org\/{rel}","templated":true}]}}